{"id":68,"date":"2009-10-31T20:51:11","date_gmt":"2009-10-31T18:51:11","guid":{"rendered":"http:\/\/turankislakci.com\/tr\/?p=68"},"modified":"2018-02-11T20:56:05","modified_gmt":"2018-02-11T17:56:05","slug":"hey-duyan-var-mi-15-yilda-10-milyon-musluman-katledildi","status":"publish","type":"post","link":"https:\/\/turankislakci.com\/tr\/hey-duyan-var-mi-15-yilda-10-milyon-musluman-katledildi\/68","title":{"rendered":"Hey! Duyan Var m\u0131? 15 y\u0131lda 10 Milyon M\u00fcsl\u00fcman katledildi"},"content":{"rendered":"<p>Ne ac\u0131mas\u0131z bir \u00e7a\u011fda ya\u015f\u0131yoruz. Mazlum ve mustazaf halklar\u0131n \u00e7\u0131\u011fl\u0131klar\u0131na kulak veren kimse kalmad\u0131. \u0130nsano\u011flu hay\u0131r kurumlar\u0131na verdi\u011fi birka\u00e7 kuru\u015f ile vicdan\u0131n\u0131n s\u0131z\u0131s\u0131n\u0131 dindirmeye \u00e7al\u0131\u015f\u0131yor.<\/p>\n<p>Daha ge\u00e7en hafta, h\u00e2l\u00e2 nas\u0131l oldu\u011fu tart\u0131\u015f\u0131lan 11 Eyl\u00fcl sald\u0131r\u0131lar\u0131nda \u00f6len 3 bin ki\u015fi an\u0131s\u0131na -ki aralar\u0131nda M\u00fcsl\u00fcmanlar da vard\u0131- sald\u0131r\u0131n\u0131n 8. y\u0131ld\u00f6n\u00fcm\u00fcnde yas g\u00fcnleri d\u00fczenlendi. Lakin katledilen milyonlarca M\u00fcsl\u00fcman\u2019\u0131n an\u0131s\u0131na hi\u00e7 kimse yas tutmad\u0131.<\/p>\n<p>Post-modern \u00e7a\u011f, M\u00fcsl\u00fcman zihnini b\u00f6yle b\u00fct\u00fcn\u00fcyle i\u011fdi\u015f etti. Ne de\u011ferlerimiz, ne hassasiyetimiz ne de ila-i kelimetullah i\u00e7in g\u00f6sterdi\u011fimiz cehdimiz kald\u0131. E\u011fitimimiz, de\u011ferlerimiz, ticaretimiz, siyasetimiz ve kurumlar\u0131m\u0131z para ve makam d\u00fc\u015fk\u00fcnlerinin elinde halla\u00e7 pamu\u011fu gibi savruldu.<\/p>\n<p>Bir yandan M\u00fcsl\u00fcman muhayyiledeki b\u00fcy\u00fck k\u0131r\u0131lmaya \u015fahid olurken, \u00f6te yandan tarihte e\u015fi g\u00f6r\u00fclmemi\u015f bir soyk\u0131r\u0131ma tan\u0131kl\u0131k ediyoruz. Sadece son 15 y\u0131lda 10 milyon M\u00fcsl\u00fcman katledildi; Bosna\u2019da, Kosova\u2019da, Filistin\u2019de Afganistan\u2019da, Irak\u2019ta, Somali\u2019de, \u00c7e\u00e7enistan\u2019da, Ke\u015fmir\u2019de, Do\u011fu T\u00fcrkistan\u2019da, Patani\u2019de, Moro\u2019da, Ahmedabad\u2019da ve Eritre\u2019de\u2026 Televizyonlardan seyrettik, M\u00fcsl\u00fcman bebelerin ve analar\u0131n \u00fczerine g\u00fcnlerce hatta aylarca bombalar\u0131n ve f\u00fczelerin ya\u011f\u0131\u015f\u0131n\u0131\u2026<\/p>\n<p>Belle\u011fimde bir anda Mo\u011fol istilas\u0131 alt\u0131ndaki Ba\u011fdat canland\u0131, Ha\u00e7l\u0131lar\u0131n Kud\u00fcs ve \u015eam\u2019da yapt\u0131klar\u0131 canland\u0131, End\u00fcl\u00fcs canland\u0131 ve Balkanlar\u2019da 19. y\u00fczy\u0131lda ya\u015fanan M\u00fcsl\u00fcman mezalimi canland\u0131\u2026 Mo\u011follar 11. y\u00fczy\u0131lda bir\u00e7ok \u0130slam alimi yeti\u015ftiren b\u00fcy\u00fck ilim merkezlerini; Buhara, Semerkant, Belh, Horasan, Merv, Ni\u015fabur, Reyy ve Ba\u011fdat\u2019a sald\u0131rarak yerle bir etti. Sadece Merv \u015fehrinde 1,5 milyon M\u00fcsl\u00fcman k\u0131y\u0131ma u\u011frad\u0131. Camiler y\u0131k\u0131ld\u0131, k\u00fct\u00fcphaneler talan edildi.<\/p>\n<p>Mo\u011follardan sonra Ha\u00e7l\u0131 ordular\u0131 tekrar tekrar \u0130slam co\u011frafyas\u0131n\u0131 istila etti. Y\u0131kt\u0131lar, yakt\u0131lar, katlettiler ve talan ettiler. Selahaddin Eyyubi\u2019nin dan\u0131\u015fmanlar\u0131ndan \u00dcsame bin Munkiz \u201cKitabu\u2019l \u0130\u2019tibar\u201d adl\u0131 eserinde ha\u00e7l\u0131lar\u0131 \u015f\u00f6yle tasvir ediyor; \u201cHayvan gibiler, \u00f6ld\u00fcrmekten ba\u015fka bildikleri ba\u015fka bir faziletleri yok\u2026\u201d<\/p>\n<p>1492\u2019de G\u0131rnata\u2019n\u0131n hazin d\u00fc\u015f\u00fc\u015f\u00fcyle bu kez \u0130slam d\u00fcnyas\u0131 s\u00f6m\u00fcrgecili\u011fin kuca\u011f\u0131na d\u00fc\u015ft\u00fc. Bel\u00e7ikal\u0131lar, Portekizliler, Hollandal\u0131lar, \u0130spanyollar, Frans\u0131zlar ve \u0130ngilizler 16. Y\u00fczy\u0131ldan 19. y\u00fczy\u0131l\u0131n sonlar\u0131na kadar Endonezya\u2019dan Cezayir\u2019e kadar t\u00fcm M\u00fcsl\u00fcman hinterland\u0131nda kan kusturdular. Her ne kadar \u0130slam \u00e2lemi bu emperyalist imparatorluklar\u0131n mezar\u0131 oldu ise de M\u00fcsl\u00fcmanlar \u00e7ok b\u00fcy\u00fck kay\u0131plar verdi.<\/p>\n<p>1945\u2019te \u0130kinci D\u00fcnya Harbi\u2019nden sonra da \u0130slam d\u00fcnyas\u0131na ABD \u00f6nc\u00fcl\u00fc\u011f\u00fcnde ve Siyonizm endeksli sald\u0131r\u0131lar ba\u015flad\u0131. Sovyetlerin \u00e7\u00f6k\u00fc\u015f\u00fcyle birlikte \u00c2lemi \u0130slam tek kutuplu \u00fclkenin b\u00fct\u00fcn ac\u0131mas\u0131zl\u0131\u011f\u0131n\u0131 ensesinde hissetti. NATO ve ABD kendisine \u201c\u0130slam\u201d\u0131 d\u00fc\u015fman ilan etti.<\/p>\n<p>Eski ABD Devlet Ba\u015fkan\u0131 Richard Nixon \u201cZaman\u0131 Yakalamak-Amerika\u2019n\u0131n D\u00fcnyaya Meydan Okumas\u0131\u201d adl\u0131 kitab\u0131nda bak\u0131n \u015f\u00f6yle diyor: \u201cAmerikal\u0131lar\u0131n \u00e7o\u011fu M\u00fcsl\u00fcmanlar\u0131 vah\u015fi, pis, barbar ve mant\u0131ks\u0131z insanlar olarak g\u00f6rmeye e\u011filimlidir. Hi\u00e7bir ulusun hatta Kom\u00fcnist \u00c7in\u2019in bile Amerikan kamuoyunda M\u00fcsl\u00fcman d\u00fcnyas\u0131 kadar olumsuz bir g\u00f6r\u00fcnt\u00fcs\u00fc yoktur. Baz\u0131 g\u00f6zlemciler, \u0130slam d\u00fcnyas\u0131n\u0131n artan n\u00fcfusunun, \u00f6nemli sermaye g\u00fcc\u00fcyle fanatik bir jeopolitik g\u00fc\u00e7 olu\u015fturup d\u00fcnyaya meydan okuyaca\u011f\u0131n\u0131 ve b\u00f6ylelikle Bat\u0131\u2019n\u0131n sald\u0131rgan ve d\u00fc\u015fman M\u00fcsl\u00fcman d\u00fcnyas\u0131na kar\u015f\u0131 bir cephe alabilmek i\u00e7in Moskova\u2019yla yeni bir ili\u015fki kurmaya zorlanaca\u011f\u0131n\u0131 ileri s\u00fcrmektedir.\u201d<\/p>\n<p>T\u00fcrkiye\u2019nin M\u00fcsl\u00fcmanlar\u0131 iktisadi ve siyasi olarak bat\u0131ya ba\u011flamak i\u00e7in bir k\u00f6pr\u00fc olabilece\u011fine i\u015faret eden Nixon s\u00f6zlerini \u015f\u00f6yle s\u00fcrd\u00fcr\u00fcyor: \u201cB\u00f6lgedeki \u00e7\u0131karlar\u0131m\u0131z i\u00e7in bu gerekli, \u00e7\u00fcnk\u00fc Ortado\u011fu\u2019da bizi en \u00e7ok ilgilendiren konu \u0130srail ve petrol\u2019d\u00fcr. \u0130srail\u2019in g\u00fcvenli\u011fi ve kurtulu\u015funu i\u00e7eren taahh\u00fcd\u00fcm\u00fcz olduk\u00e7a geni\u015f kapsaml\u0131d\u0131r. Yasal bir m\u00fcttefikli\u011fimiz s\u00f6z konusu olmamakla birlikte bir k\u00e2\u011f\u0131t par\u00e7as\u0131na yaz\u0131l\u0131 herhangi bir \u015feyden \u00e7ok daha g\u00fc\u00e7l\u00fc bir ba\u011f vard\u0131r aram\u0131zda; bu da bence ahlaki taahh\u00fctt\u00fcr. Hi\u00e7bir Amerikan Ba\u015fkan\u0131 ya da herhangi bir kongre \u00fcyesi, \u0130srail devletinin yok edilmesine izin veremez.\u201d Richard Nixon bu s\u00f6zlerinin ard\u0131ndan Avrupa, Rusya ve ABD\u2019yi NATO \u00e7at\u0131s\u0131 alt\u0131nda y\u00fckselen \u201c\u0130slami radikalizme\u201d kar\u015f\u0131 birle\u015fmeye \u00e7a\u011f\u0131r\u0131r.<\/p>\n<p>Nixon\u2019un yapt\u0131\u011f\u0131 bu \u00e7a\u011fr\u0131n\u0131n \u00fczerinden 20 y\u0131l ge\u00e7ti. \u0130slam d\u00fcnyas\u0131nda dengeler sars\u0131ld\u0131. 11 Eyl\u00fcl olaylar\u0131ndan sonra \u0130slam co\u011frafyas\u0131na d\u00fczenlenen sald\u0131r\u0131larda 8 y\u0131lda 5 milyon M\u00fcsl\u00fcman hayat\u0131n\u0131 kaybetti. Bunlar\u0131n b\u00fcy\u00fck \u00e7o\u011funlu\u011funu \u00e7ocuklar ve kad\u0131nlar olu\u015fturuyor. Avustralyal\u0131 \u00fcnl\u00fc yazar Dr. Gideon Poyla, ABD\u2019nin g\u00fcnl\u00fck \u00e7ocuk katliam\u0131n\u0131n bini buldu\u011funu belirterek yaz\u0131s\u0131na \u015fu ba\u015fl\u0131\u011f\u0131 uygun buluyordu: \u201cHey, hey, USA, how many kids did you kill today? The answer: About 1.000\/Hey, Hey, Amerika, bug\u00fcn ka\u00e7 \u00e7ocuk \u00f6ld\u00fcrd\u00fcn? Cevap: 1000\u2019e yak\u0131n.\u201d<\/p>\n<p>\u0130\u015fgal sonras\u0131 Irak\u2019ta 2,3 milyon ki\u015finin ya\u015fam\u0131n\u0131 yitirdi\u011fini belirten Dr. Gideon Polya, Obama y\u00f6netimiyle birlikte ABD\u2019de de\u011fi\u015fen bir \u015feyin olmad\u0131\u011f\u0131n\u0131 ifade ediyor. Polya, Obama y\u00f6netiminin ilk 100 g\u00fcn\u00fcnde 180 bin ki\u015finin \u00f6ld\u00fc\u011f\u00fcn\u00fc ve bunun 113 bininin 5 ya\u015f\u0131n alt\u0131ndaki \u00e7ocuklardan olu\u015ftu\u011funu kaydediyor. Yine yap\u0131lan bir ara\u015ft\u0131rmaya g\u00f6re, Beyaz Saray, 11 Eyl\u00fcl sald\u0131r\u0131lar\u0131ndan sonra iki y\u0131lda 935 yalan beyanda bulundu.<\/p>\n<p>T\u00fcm bunlar\u0131 \u00fcst \u00fcste koydu\u011funuzda \u201cShock and Awe\/\u015eok ve Deh\u015fet\u201d* i\u00e7ine d\u00fc\u015fmemek elde de\u011fil.<\/p>\n<p>*ABD operasyonunun ad\u0131.<\/p>\n","protected":false},"excerpt":{"rendered":"Ne ac\u0131mas\u0131z bir \u00e7a\u011fda ya\u015f\u0131yoruz. Mazlum ve mustazaf halklar\u0131n \u00e7\u0131\u011fl\u0131klar\u0131na kulak veren kimse kalmad\u0131. \u0130nsano\u011flu hay\u0131r kurumlar\u0131na verdi\u011fi birka\u00e7 kuru\u015f [&hellip;]","protected":false},"author":2,"featured_media":69,"comment_status":"open","ping_status":"open","sticky":false,"template":"","format":"standard","meta":{"footnotes":""},"categories":[4,11],"tags":[],"class_list":["post-68","post","type-post","status-publish","format-standard","has-post-thumbnail","hentry","category-fikriyyat","category-yazilar"],"_links":{"self":[{"href":"https:\/\/turankislakci.com\/tr\/wp-json\/wp\/v2\/posts\/68","targetHints":{"allow":["GET"]}}],"collection":[{"href":"https:\/\/turankislakci.com\/tr\/wp-json\/wp\/v2\/posts"}],"about":[{"href":"https:\/\/turankislakci.com\/tr\/wp-json\/wp\/v2\/types\/post"}],"author":[{"embeddable":true,"href":"https:\/\/turankislakci.com\/tr\/wp-json\/wp\/v2\/users\/2"}],"replies":[{"embeddable":true,"href":"https:\/\/turankislakci.com\/tr\/wp-json\/wp\/v2\/comments?post=68"}],"version-history":[{"count":1,"href":"https:\/\/turankislakci.com\/tr\/wp-json\/wp\/v2\/posts\/68\/revisions"}],"predecessor-version":[{"id":70,"href":"https:\/\/turankislakci.com\/tr\/wp-json\/wp\/v2\/posts\/68\/revisions\/70"}],"wp:featuredmedia":[{"embeddable":true,"href":"https:\/\/turankislakci.com\/tr\/wp-json\/wp\/v2\/media\/69"}],"wp:attachment":[{"href":"https:\/\/turankislakci.com\/tr\/wp-json\/wp\/v2\/media?parent=68"}],"wp:term":[{"taxonomy":"category","embeddable":true,"href":"https:\/\/turankislakci.com\/tr\/wp-json\/wp\/v2\/categories?post=68"},{"taxonomy":"post_tag","embeddable":true,"href":"https:\/\/turankislakci.com\/tr\/wp-json\/wp\/v2\/tags?post=68"}],"curies":[{"name":"wp","href":"https:\/\/api.w.org\/{rel}","templated":true}]}}