{"id":212,"date":"2016-01-15T23:24:10","date_gmt":"2016-01-15T21:24:10","guid":{"rendered":"http:\/\/turankislakci.com\/tr\/?p=212"},"modified":"2018-02-12T09:32:52","modified_gmt":"2018-02-12T06:32:52","slug":"terorle-terbiye-edilen-cografya","status":"publish","type":"post","link":"https:\/\/turankislakci.com\/tr\/terorle-terbiye-edilen-cografya\/212","title":{"rendered":"Ter\u00f6rle Terbiye Edilen Co\u011frafya"},"content":{"rendered":"<p>TER\u00d6RLE \u0130LE TERB\u0130YE ED\u0130LEN CO\u011eRAFYAMIZ<\/p>\n<p>21. Y\u00dcZYIL NEDEN \u201cTER\u00d6R\u0130ZM Y\u00dcZYILI\u201d \u0130LAN ED\u0130LD\u0130?<\/p>\n<p>\u0130stanbul\u2019dan Paris\u2019e, Cakarta\u2019dan Tanca\u2019ya co\u011frafyam\u0131z ve d\u00fcnyam\u0131z ter\u00f6r\u00fcn esiri olmu\u015f durumda. Ter\u00f6rle oturup, ter\u00f6rle kalk\u0131yoruz. D\u00fcnya genelinde yap\u0131lan anketlerde, hemen her \u00fclkede \u201cter\u00f6r sorunu\u201d birinci s\u0131ray\u0131 alm\u0131\u015f durumda. Hemen her ay d\u00fcnyan\u0131n farkl\u0131 bir noktas\u0131nda patlamalar oluyor. \u00d6lenlerin ekseriyetini her zaman oldu\u011fu gibi yine siviller olu\u015fturuyor.<\/p>\n<p>Ge\u00e7en hafta \u0130stanbul\u2019da ger\u00e7ekle\u015fen ter\u00f6r sald\u0131r\u0131s\u0131 ile aylard\u0131r Diyarbak\u0131r ve civar\u0131nda ya\u015fananlar ter\u00f6r\u00fcn en ac\u0131 \u00f6rneklerinden biri. Kanadal\u0131 yazar Eric Walberg, \u201cPostmodern Emperyalizm: Jeopolitik ve B\u00fcy\u00fck Oyunlar\u201d adl\u0131 kitab\u0131nda, \u201cBat\u0131, bir \u00fclke \u00e7ok fazla ba\u011f\u0131ms\u0131z davran\u0131rsa s\u0131n\u0131rlar\u0131 i\u00e7inde ter\u00f6r\u00fc hortlat\u0131r\u201d der ve buna \u00f6rnek olarak ABD\u2019nin dost ve m\u00fcttefiki olan T\u00fcrkiye\u2019yi PKK\u2019y\u0131 gizlice destekleyerek hizada tutmas\u0131na yer verir. PKK kart\u0131n\u0131n sadece ABD taraf\u0131ndan de\u011fil Rusya ve \u0130ran taraf\u0131ndan da nas\u0131l kullan\u0131ld\u0131\u011f\u0131 da bilinen bir ger\u00e7ek.<\/p>\n<p>&nbsp;<\/p>\n<p>TER\u00d6R\u0130ZM Y\u00dcZYILI<\/p>\n<p>Ge\u00e7en asr\u0131 \u201c\u015eiddet veya a\u015f\u0131r\u0131l\u0131klar asr\u0131\u201d olarak adland\u0131ran uzmanlar, 21. y\u00fczy\u0131l\u0131 bilim adamlar\u0131n\u0131n nazar\u0131nda \u201cileti\u015fim ve teknoloji \u00e7a\u011f\u0131\u201d, feylesoflar nazar\u0131ndan \u201cpost-modern \u00e7a\u011f\u201d ve uluslararas\u0131 ili\u015fkiler uzmanlar\u0131 nazar\u0131ndan da \u201cter\u00f6rizm y\u00fczy\u0131l\u0131\u201d olarak adland\u0131r\u0131yorlar. Ve ilgin\u00e7 olan post-modern \u00e7a\u011fda ileti\u015fim ve teknolojiyi en iyi kullananlar da ter\u00f6ristler. \u00a0Buradan \u00e7\u0131kan sonu\u00e7ta \u015fu: Bu as\u0131r, post-modern ter\u00f6r\u00fcn hakim oldu\u011fu bir \u00e7a\u011f. Postmodern ter\u00f6r \u00f6rg\u00fctlerinin bir \u00f6zelli\u011fi de, bir\u00e7ok devlet taraf\u0131ndan ayn\u0131 anda kullan\u0131labiliyor olmas\u0131.<\/p>\n<p>Peki! Post-modern ter\u00f6r nas\u0131l ortaya \u00e7\u0131kt\u0131? Neden \u0130slam bunun ekseninde yer al\u0131yor? Ve hangi zeminlerden istifade ederek zuhur etti? Bu sorular\u0131n pe\u015fine d\u00fc\u015ft\u00fc\u011f\u00fcn\u00fczde, halihaz\u0131rda i\u00e7inde bulundu\u011fumuz ter\u00f6r \u00e7a\u011f\u0131n\u0131 iyi anlar ve zihin kar\u0131\u015f\u0131kl\u0131\u011f\u0131n\u0131n nedenlerini de \u00e7ok rahatl\u0131kla g\u00f6rm\u00fc\u015f olursunuz.<\/p>\n<p>&nbsp;<\/p>\n<p>SO\u011eUK SAVA\u015e SONRASI D\u00dc\u015eMAN ARAYI\u015eI<\/p>\n<p>1990\u2019larda Sovyetler Birli\u011fi\u2019nin \u00e7\u00f6kmesiyle birlikte, d\u00fcnyadaki kurulu dengeler bir kez daha de\u011fi\u015fti. Enerji odakl\u0131 yeni de\u011fi\u015fim, Brzeski\u2019nin \u201cB\u00fcy\u00fck Stran\u00e7 Tahtas\u0131\u201dn\u0131 yeniden kurdu. Vah\u015fi Bat\u0131, enerji ve g\u00fcvenlik eksenli yeni siyasetini ortaya koyacakt\u0131 fakat bu kez d\u00fc\u015fman\u0131 kim olacakt\u0131?..<\/p>\n<p>ABD\u2019nin hakimiyetindeki tek kutuplu \u201cYeni D\u00fcnya D\u00fczeni\u201d d\u00fcnyaya g\u00fcvenlik endi\u015feleriyle dolu bir paranoya ya\u015fatma \u015feklinde tecelli etti. 1990 sonras\u0131 tek kutuplu bir hale d\u00f6n\u00fc\u015fen d\u00fcnya, yeksesak ve alternatifsizdi. Yeni d\u00fcnya d\u00fczeniyle insanl\u0131k \u00f6zg\u00fcrl\u00fckleri ve se\u00e7enekleri al\u0131nm\u0131\u015f, at g\u00f6zl\u00fc\u011f\u00fc tak\u0131larak korku t\u00fcnelinde dola\u015ft\u0131r\u0131lan fig\u00fcranlar haline getirildi.<\/p>\n<p>Emperyalizm ve Siyonizm 90\u2019l\u0131 y\u0131llarda Washington\u2019da, Neo-conlar (Yeni Muhafazakarlar)\u2019\u0131n \u00e7at\u0131s\u0131 alt\u0131nda biraraya geldi. Her ikisi i\u00e7in de makul yeni d\u00fc\u015fman \u0130slam\u2019d\u0131. Neo-conlar\u0131n hedefi, M\u00fcsl\u00fcman kar\u015f\u0131t\u0131 Ha\u00e7l\u0131 Seferlerinin \u015feklini yeni \u00e7a\u011fa uyarlayan bir \u201cmedeniyetler \u00e7at\u0131\u015fmas\u0131\u201d i\u00e7in zemin haz\u0131rlamakt\u0131. Bu, art\u0131k g\u00fc\u00e7lenmi\u015f olan a\u015f\u0131r\u0131 tutucu H\u0131ristiyanlar\u0131 k\u0131\u015fk\u0131rtan evanjelik dinsel bir hava ve efsanevi M\u00fcsl\u00fcman suikast\u00e7\u0131 Ha\u015fha\u015filerin g\u00fcncel versiyonuyla tamamlanmal\u0131yd\u0131. Bunun i\u00e7in yeni d\u00fc\u015fman \u0130slam\u2019\u0131 vurmay\u0131 me\u015frula\u015ft\u0131racak Ha\u015fha\u015filer zuhuru i\u00e7in zemin haz\u0131rlanmaya ba\u015fland\u0131.<\/p>\n<p>&nbsp;<\/p>\n<p>ENTELEKT\u00dcEL BEYN\u0130N \u0130\u015eGAL\u0130<\/p>\n<p>Bat\u0131, So\u011fuk Sava\u015f sonras\u0131 ilk olarak entelekt\u00fcel beyinleri i\u015fgal etmeyi ve ard\u0131ndan M\u00fcsl\u00fcman d\u00fcnyay\u0131 medya ile \u015feytanla\u015ft\u0131rmay\u0131 hedefledi. Bu \u00e7er\u00e7evede, \u201cTek Kutuplu D\u00fcnya\u201d vurgusunun yap\u0131ld\u0131\u011f\u0131 g\u00fcnlerde Fukuyama taraf\u0131ndan kaleme al\u0131nan \u201cTarihin Sonu\u201d adl\u0131 makale, ABD\u2019nin d\u00fcnya egemenli\u011fine vurgu yapan, Bat\u0131 medeniyetinin m\u00fckemmele ula\u015ft\u0131\u011f\u0131n\u0131, art\u0131k a\u015f\u0131lamayaca\u011f\u0131n\u0131, dolay\u0131s\u0131yla b\u00fct\u00fcn d\u00fcnyan\u0131n ABD-Bat\u0131, daha do\u011frusu Anglo-Judaik medeniyete teslim olmas\u0131 gerekti\u011fini ifade ediyordu.\u00a0 Bu makalenin ard\u0131ndan ba\u015fka bir sipari\u015f makale daha \u0130slam d\u00fcnyas\u0131 ba\u015fta olmak \u00fczere d\u00fcnya entelijasiyas\u0131n\u0131n g\u00fcndemine d\u00fc\u015ft\u00fc. Samuel Huntington\u2019un kaleme alm\u0131\u015f oldu\u011fu \u201cMedeniyetler \u00c7at\u0131\u015fmas\u0131\u201d adl\u0131 tezi. Bu makale, SSCB-Do\u011fu Bloku\u2019nun bertaraf\u0131 \u00fczerine kendine yeni i\u015fgal alanlar\u0131 ve \u201cd\u00fc\u015fman\u201d arayan ABD-Bat\u0131\u2019ya tezler sunuyordu.<\/p>\n<p>ABD-Bat\u0131, bu projesi ile \u0130slam\u2019\u0131 hedefe koymu\u015f, uygulayaca\u011f\u0131 yeni politikalar\u0131 bu tez ve etraf\u0131nda yaz\u0131lan-konu\u015fulan-g\u00f6sterime giren materyallerle \u00f6rg\u00fcledi, ba\u015fta kendi i\u00e7 kamuoyu olmak \u00fczere d\u00fcnya kamuoyunu buna ikna etmeye \u00e7al\u0131\u015ft\u0131. \u0130slam d\u00fcnyas\u0131n\u0131, M\u00fcsl\u00fcmanlar\u0131 bu s\u00fcre\u00e7ten sonra \u00f6tekile\u015ftirdi, \u201c\u015feytanla\u015ft\u0131rd\u0131\u201d, Bat\u0131 medeniyetine en b\u00fcy\u00fck tehdit olarak sundu ve planlad\u0131\u011f\u0131 politikalar\u0131 i\u00e7in zemin haz\u0131rlad\u0131.<\/p>\n<p>11 Eyl\u00fcl ter\u00f6r olaylar\u0131ndan sonra, teorik alt yap\u0131s\u0131 \u00f6nceden haz\u0131rlanan, yeni ideolojinin uygulan\u0131\u015f\u0131 i\u00e7in aranan alt\u0131n f\u0131rsat Bat\u0131 taraf\u0131ndan yakaland\u0131. D\u00fcnya siyaseti bir anda alt\u00fcst oldu. Diplomasi mant\u0131\u011f\u0131 k\u00f6kten de\u011fi\u015fti. \u0130stihbarat mant\u0131\u011f\u0131 de\u011fi\u015fti. Tehdit tan\u0131mlar\u0131 de\u011fi\u015fti. M\u00fccadele y\u00f6ntemleri de\u011fi\u015fti. Art\u0131k diplomaside masaya oturarak ikna d\u00f6nemi bitti. Politikalar\u0131n\u0131z\u0131 belirliyorsunuz, o politikalara d\u00f6n\u00fck kurgular yap\u0131yorsunuz; kurgular\u0131n\u0131z\u0131 hayata ge\u00e7irmenize malzeme sa\u011flayacak bir dizi olay ger\u00e7ekle\u015ftiriyorsunuz, sonra da \u015fantajla, zay\u0131flara bask\u0131 yaparak; g\u00fc\u00e7l\u00fclere tavizler vererek diplomasi uyguluyorsunuz. Kurgular ve ona ba\u011fl\u0131 bir dizi operasyon \u00fczerine bina edilen diplomasi size, \u201cya bizdensiniz ya da bize kar\u015f\u0131s\u0131n\u0131z\u201d netli\u011fi ve kolayl\u0131\u011f\u0131 veriyor.<\/p>\n<p>&nbsp;<\/p>\n<p>D\u00dcNYA KAMUOYUNUN \u0130\u011eFAL\u0130<\/p>\n<p>11 Eyl\u00fcl sonras\u0131, global ter\u00f6r eylemleri d\u00fcnyan\u0131n d\u00f6rt bir yan\u0131nda patlak verdi. Bali Adas\u0131\u2019ndan Kazablanka\u2019ya, Mombasa\u2019dan Madrid\u2019e, \u0130stanbul\u2019dan Londra\u2019ya d\u00fcnya adeta sars\u0131l\u0131yordu. Ge\u00e7en y\u00fczy\u0131l\u0131n t\u00fcm \u00f6rg\u00fctleri ve mafya liderleri yeni ter\u00f6r eylemleri kar\u015f\u0131s\u0131nda \u015fok ya\u015f\u0131yorlard\u0131. Yoksa, Yunan tanr\u0131lar\u0131 yeniden d\u00fcnyay\u0131 alt\u00fcst etmek i\u00e7in gelmi\u015flerdi. Ya da bilimin halen tan\u0131mlayamad\u0131\u011f\u0131 ufolar yery\u00fcz\u00fcne inmi\u015flerdi. \u00c7\u00fcnk\u00fc, ne BM, ne AB ne de d\u00fcnya \u00fclkeleri hen\u00fcz ter\u00f6re ortak tan\u0131m bulmu\u015f de\u011fil.<\/p>\n<p>Bat\u0131n\u0131n yeni tanr\u0131lar\u0131, Yunan mitoslar\u0131ndaki tanr\u0131lar gibi kamuoyunu i\u011ffal etmeye ba\u015flad\u0131. Bu kez Prometheus\u2019un pe\u015finde oldu\u011fu \u015fey ate\u015f de\u011fil medya idi. Pandoras\u0131 da Hollywood\u2019du. D\u00fcnya kamuoyu \u0130slam dinine kar\u015f\u0131 yalan dolan bilgilerle dolduruldu. TV\u2019ler, gazeteler s\u00fcrekli \u201cterrorist\u201d, \u201ccahil\u201d, \u201cbarbar\u201d, \u201cgayr\u0131 medeni\u201d M\u00fcsl\u00fcman imaj\u0131 pompal\u0131yordu Bat\u0131l\u0131 zihinlere. 2013\u2019\u00fcn sonunda DAE\u015e ter\u00f6r \u00f6rg\u00fct\u00fc ile zirveyi yakalad\u0131lar.<\/p>\n<p>D\u00fcnyada \u0130slam\u2019a, M\u00fcsl\u00fcmanlara kar\u015f\u0131 \u201cd\u00fc\u015fmanl\u0131k\u201d, \u201cnefret\u201d zirve yapt\u0131. D\u00fcnya medyas\u0131, Hollywood, TV\u2019ler, ara\u015ft\u0131rma merkezleri hep bu tehdit ve tehlike ile yatar-kalkar oldu. \u0130slamofobia bat\u0131da h\u0131zl\u0131 bir \u015fekilde yay\u0131ld\u0131. D\u00fcnya kamuoyu ve zihinler M\u00fcsl\u00fcmanlar\u0131n \u201cbarbar\u201dl\u0131\u011f\u0131na, \u201ctehlikeli\u201d oldu\u011funa ikna edildi. Ard\u0131ndan i\u015fgaller ve katliamlar ba\u015flad\u0131. Bug\u00fcn Suriye\u2019de Esed rejiminin yapt\u0131\u011f\u0131 onca barbarl\u0131\u011fa ra\u011fmen d\u00fcnyan\u0131n katliamlar kar\u015f\u0131s\u0131nda sessiz olmas\u0131n\u0131n alt\u0131nda bu al\u00e7ak propaganda var.<\/p>\n<p>&nbsp;<\/p>\n<p>MEDYA \u0130LE BARBARLA\u015eTIRILAN M\u00dcSL\u00dcMANLAR<\/p>\n<p>So\u011fuk Sava\u015f ve 11 Eyl\u00fcl sonras\u0131nda bol malzeme ve g\u00f6rsel ara\u00e7larla d\u00fcnya kamuoyuna pazarlanan \u201c\u0130slami ter\u00f6r\u201d, \u201cfundemantalizm\u201d, \u201ccihadizm\u201d, \u201cintihar sald\u0131r\u0131lar\u0131\u201d gibi s\u00f6ylemler ve \u201cEl Kaide\u201d, \u201cDai\u015f\u201d, \u201cBoko Haram\u201d fig\u00fcrleri M\u00fcsl\u00fcmanlar ve \u0130slam co\u011frafyas\u0131 \u00fczerine \u00e7al\u0131\u015f\u0131lm\u0131\u015f politikalara altyap\u0131, propaganda unsuru olarak g\u00f6rmek yanl\u0131\u015f olmayacakt\u0131r. K\u00fcresel sosyal m\u00fchendislik y\u0131llarca o kadar ince ince dokunduki; hayal mahusul\u00fc onlarca olaya medya arac\u0131l\u0131\u011f\u0131 ile inan\u0131r oldu d\u00fcnya kamuoyu.<\/p>\n<p>Daniel Pipes\u2019ten Bernard Lewis\u2019e bir\u00e7ok bat\u0131l\u0131 d\u00fc\u015f\u00fcn\u00fcr \u0130slam\u2019\u0131 bir tehdit olarak anlat\u0131yorlard\u0131, Edward Said\u2019den John Esposito\u2019ya bir\u00e7ok d\u00fc\u015f\u00fcn\u00fcr de bunun bir oyun oldu\u011funu g\u00f6zler \u00f6n\u00fcne sermeye \u00e7al\u0131\u015f\u0131yordu. Edward Said \u201cHaberlerin A\u011f\u0131nda \u0130slam\u201d adl\u0131 kitab\u0131yla bat\u0131n\u0131n y\u0131llard\u0131r \u0130slam\u2019\u0131 ve M\u00fcsl\u00fcmanlar\u0131 medya ile \u015feytanla\u015ft\u0131rma y\u00f6ntemlerinin ne kadar \u00e7irkef oldu\u011funu de\u015fifre etti. \u00dcnl\u00fc d\u00fc\u015f\u00fcn\u00fcr John Esposito ise, \u201cThe Islamic Threat: Myth or Reality?\u201d (\u0130slami Tehdit: Uydurma m\u0131; Ger\u00e7ek mi?) adl\u0131 kitab\u0131nda \u0130slam\u2019\u0131 bat\u0131l\u0131lar\u0131n anlayaca\u011f\u0131 \u015fekilde mant\u0131kl\u0131 ve inand\u0131r\u0131c\u0131 bir \u015fekilde tart\u0131\u015ft\u0131. Sab\u0131rla kan\u0131tlar\u0131n\u0131 bir bir ortaya koyarak \u0130slam\u2019\u0131n tehdit teorisini \u00e7\u00fcr\u00fctt\u00fc.<\/p>\n<p>\u00dcnl\u00fc Frans\u0131z d\u00fc\u015f\u00fcn\u00fcr Roger Garaudy de, \u201c\u00c7\u00f6k\u00fc\u015f\u00fcn \u00d6nc\u00fcs\u00fc ABD\u201d ve \u201cBat\u0131 Ter\u00f6rizmi\u201d adl\u0131 kitaplar\u0131yla yery\u00fcz\u00fcndeki t\u00fcm ter\u00f6r\u00fcn kayna\u011f\u0131n\u0131n Bat\u0131 oldu\u011funu ortaya koydu. Garaudy kitaplar\u0131nda, Bat\u0131 ter\u00f6r\u00fcne kar\u015f\u0131 yeni m\u00fccadele y\u00f6ntemleri \u00f6neriyordu.<\/p>\n<p>&nbsp;<\/p>\n<p>ORTADO\u011eU\u2019DA TER\u00d6R\u00dcN TAR\u0130H\u0130<\/p>\n<p>Ortado\u011fu her zamanki sakin ve bar\u0131\u015f\u00e7\u0131l ortam\u0131nda y\u00fcr\u00fcy\u00fc\u015f\u00fcn\u00fc s\u00fcrd\u00fcr\u00fcrken Siyonist \u00f6rg\u00fctler b\u00f6lgeye gelip yerle\u015fti ve ter\u00f6r\u00fc b\u00f6lgeye ilk getirenler de onlar oldu. Haganah, Stern ve \u0130rgun ter\u00f6r \u00f6rg\u00fctleri \u0130srail devletinin kurulmas\u0131ndan \u00f6nce, y\u0131llarca bu co\u011frafyada ter\u00f6r estirip, kan kusturdu. Pazar yerlerinden tutun yerle\u015fim yerlerine kadar her yeri havaya u\u00e7uruyorlard\u0131. \u0130srail\u2019in kurucular\u0131 bu ter\u00f6r \u00f6rg\u00fctlerinin liderleri aras\u0131ndan \u00e7\u0131kt\u0131. Bug\u00fcnde devlet ter\u00f6r\u00fcn\u00fc en iyi kullanan \u00fclkelerden biridir \u0130srail. Frans\u0131z yazar Vincent Monteil\u2019in \u201c\u0130srail&#8217;in Gizli Dosyas\u0131: Ter\u00f6rizm\u201d adl\u0131 kitab\u0131 bu konudaki \u00f6nemli kaynaklardan biridir.<\/p>\n<p>Bu arada, \u0130slamc\u0131 hareketleri ter\u00f6r ile ilk yaftalama giri\u015fimi 1954 y\u0131l\u0131nda ger\u00e7ekle\u015fti. 1954 y\u0131l\u0131nda meydana gelen <strong>\u201cLavon Olay\u0131\u201d <\/strong>\u0130srail\u2019in b\u00f6lgedeki ter\u00f6r eylemlerinde parma\u011f\u0131n\u0131n oldu\u011funu g\u00f6steren en bariz olaylardan biridir. 16 Temmuz 1954\u2019de Savunma Bakan\u0131 <strong>Pinhas Lavon <\/strong>\u201c\u0130ngilizler\u2019in S\u00fcvey\u015f\u2019i bo\u015faltmas\u0131n\u0131n anlam\u0131\u201dn\u0131 tart\u0131\u015fmak i\u00e7in evinde bir toplant\u0131 yapm\u0131\u015ft\u0131. Lavon toplant\u0131da \u201cM\u0131s\u0131r\u2019daki \u0130ngiliz hedeflerine kar\u015f\u0131 sabotaj d\u00fczenleme\u201d fikrini ortaya atm\u0131\u015ft\u0131. Bu sabotajlar\u0131n M\u0131s\u0131rl\u0131lar taraf\u0131ndan yap\u0131ld\u0131\u011f\u0131 izlenimi verilecek ve bu duruma sinirlenen \u0130ngilizler de \u00fclkeden \u00e7\u0131kmaktan vazge\u00e7eceklerdi. Zaman\u0131n Mossad \u015fefine g\u00f6re de, bu operasyonun amac\u0131 \u201chalkta karga\u015fa yaratarak Bat\u0131\u2019n\u0131n varolan rejime kar\u015f\u0131 duydu\u011fu g\u00fcveni y\u0131kmakt\u0131.\u201d Bu hedefe de \u0130ngilizler\u2019in bu b\u00f6lgeyi bo\u015faltmas\u0131n\u0131 \u00f6nleyecek bir kriz yaratarak ula\u015f\u0131lmak isteniyordu.<\/p>\n<p>\u0130srail askeri gizli servis \u00fcyeleri, k\u0131sa bir s\u00fcre sonra M\u0131s\u0131r\u2019a gitti. Temmuz 1954 M\u0131s\u0131r&#8217;\u0131n ba\u015fkenti\u00a0Kahire ve Liman \u015fehri \u0130skenderiye&#8217;de Amerikan ve \u0130ngiliz m\u00fclkiyetlerine kar\u015f\u0131 a\u011f\u0131rl\u0131kl\u0131 olarak y\u00f6nlendirilmi\u015f bir dizi bombal\u0131 suikast yap\u0131ld\u0131. Her iki \u00fclkenin el\u00e7iliklerine, kiliselere ve turistlerin gezdikleri yerlere pe\u015fi s\u0131ra bombal\u0131 sald\u0131r\u0131lar d\u00fczenlendi. Olaylarda bir\u00e7ok ki\u015fi \u00f6ld\u00fc ve yaraland\u0131.<\/p>\n<p>Bu olaylarla, \u00fclkenin y\u00fckselen g\u00fcc\u00fc olan <strong>\u0130hvan-\u0131 M\u00fcslimin (M\u00fcsl\u00fcman Karde\u015fler)<\/strong> cemaati karalanacak ve d\u00f6nemin M\u0131s\u0131r Devlet Ba\u015fkan\u0131 <strong>Cemal Abdunnas\u0131r<\/strong>\u2019\u0131n da yabanc\u0131lar\u0131 koruyamad\u0131\u011f\u0131 imaj\u0131 verilecekti. B\u00f6ylece b\u00f6lgeden \u0130ngiltere askerlerinin \u00e7ekilmesi \u00f6nlenecek ve bat\u0131n\u0131n dikkati s\u00f6zde dini ter\u00f6r estiren \u0130slami cemaatlere \u00e7evrilecekti.<\/p>\n<p>Fakat \u0130\u015fler \u0130srail\u2019in istedi\u011fi gibi geli\u015fmedi. M\u0131s\u0131r istihbarat\u0131n\u0131n baz\u0131 \u0130srail ajanlar\u0131n\u0131 <strong>ABD b\u00fcy\u00fckel\u00e7ili<\/strong>\u011fini bombalamalar\u0131na bir ka\u00e7 saat kala yakalamalar\u0131 ve olay\u0131 de\u015fifre etmeleri \u0130srail\u2019in t\u00fcm hesaplar\u0131n\u0131 alt \u00fcst etti. \u0130srail h\u00fck\u00fcmeti, bu olay\u0131 \u00f6nce \u0130srail Devleti&#8217;ne kar\u015f\u0131 at\u0131lm\u0131\u015f b\u00fcy\u00fck bir iftira olarak yorumlad\u0131 ve hatta tarihte Yahudi topluluklar\u0131na y\u00f6nelen \u201ckan iftiralar\u0131na\u201d benzetti. Bir s\u00fcre sonra da apa\u00e7\u0131k olan durumu kabullenmek zorunda kald\u0131, ama t\u00fcm sorumlulu\u011fu Savunma Bakan\u0131 Lavon\u2019un \u00fcst\u00fcne y\u0131kt\u0131. Lavon istifa etti ve ba\u015far\u0131s\u0131z operasyon, tarihe \u201cLavon Olay\u0131\u201d olarak ge\u00e7ti.<\/p>\n<p>\u0130srail ve Bat\u0131\u2019n\u0131n yan\u0131 s\u0131ra Rusya\u2019n\u0131n da ter\u00f6r eylemlerinde uzman oldu\u011fu unutmamak laz\u0131m. Rusya Devlet Ba\u015fkan\u0131 Putin taraf\u0131ndan Londra\u2019da zehirlenerek \u00f6ld\u00fcr\u00fclen Rus istihbarat\u0131nda g\u00f6rev yapm\u0131\u015f olan Aleksandr Litvinenko, yazd\u0131\u011f\u0131 bir kitapta, Rusya\u2019da 1999 y\u0131l\u0131nda toplam 300 ki\u015finin \u00f6l\u00fcm\u00fc ile sonu\u00e7lanan apartman bombalanmas\u0131 olay\u0131 ve di\u011fer bir\u00e7ok terrorist sald\u0131r\u0131lar\u0131n \u00c7e\u00e7enler taraf\u0131ndan de\u011fil bilakis Rusya Gizli Servisi FSB taraf\u0131ndan \u00f6rg\u00fctlendi\u011fini yazm\u0131\u015ft\u0131. Putin, bu eylemleri bahane g\u00f6stererek \u00c7e\u00e7enistan\u2019a sald\u0131rm\u0131\u015ft\u0131.<\/p>\n<p>\u00d6te yandan, Avrupa\u2019da da ter\u00f6r\u00fcn tarihinin So\u011fuk Sava\u015f d\u00f6nemine uzand\u0131\u011f\u0131n\u0131 hat\u0131rlatmakta fayda var. 1970\u2019ler ve 1980\u2019lerde Avrupa bir\u00e7ok \u015fiddete sahne olmu\u015ftu. \u00c7o\u011fu Avrupa \u00fclkesinde insanlar\u0131 katleden\u00a0 ya da ka\u00e7\u0131ran, binalar\u0131 havaya u\u00e7uran ter\u00f6r h\u00fccreleri ortaya \u00e7\u0131kt\u0131. Ter\u00f6rist sol, ABD\u2019de vard\u0131 ama \u00f6nemsiz bir \u00f6l\u00e7ekteydi.<\/p>\n<p>Bu arada, \u0130srail\u2019in h\u00e2lihaz\u0131rdaki Ba\u015fbakan\u0131 Binyamin Netanyahu\u2019nun yakla\u015f\u0131k 35 y\u0131ld\u0131r \u201cUluslararas\u0131 \u0130slami Ter\u00f6r\u201d teorisi \u00fczerinde \u00e7al\u0131\u015ft\u0131\u011f\u0131n\u0131 belirtmeli. Netanyahu, d\u00fcnyay\u0131 <strong>\u201c\u0130slami ter\u00f6r\u201d <\/strong>konusuna ikna edip, \u00fclkeleri ona kar\u015f\u0131 sava\u015fa itmek etmek i\u00e7in uzun y\u0131llar \u201ckorku teorisi\u201d \u00fczerine \u00e7al\u0131\u015ft\u0131. 1995 y\u0131l\u0131nda ne\u015fredilen <em>\u201cFighting Terrorism: How Democracies Can Defeat Domestic and International Terrorism\u201d <\/em>(<strong>Ter\u00f6rizmle Sava\u015f: Demokrasiler \u0130\u00e7 ve Uluslararas\u0131 Ter\u00f6rle Nas\u0131l M\u00fccedele Edebilir)<\/strong> adl\u0131 kitab\u0131nda a\u00e7\u0131k bir \u015fekilde \u201cUluslararas\u0131 \u0130slami Ter\u00f6re\u201d kar\u015f\u0131 \u00f6zelde ABD ve genelde bat\u0131 kamuoyunun dikkatini buna \u00e7ekmek i\u00e7in u\u011fra\u015ft\u0131\u011f\u0131n\u0131 belirtti.<\/p>\n<p>&nbsp;<\/p>\n<p>\u0130SLAM D\u00dcNYASININ SORUNU: \u201cTER\u00d6R\u0130ZE ED\u0130LEB\u0130L\u0130RL\u0130K\u201d<\/p>\n<p>Cezayirli \u00fcnl\u00fc M\u00fcsl\u00fcman d\u00fc\u015f\u00fcn\u00fcr Malik bin Nebi, \u201cS\u00f6m\u00fcr\u00fclebilirlik\u201d kavram\u0131 ile M\u00fcsl\u00fcmanlar\u0131n s\u00f6m\u00fcrgele\u015fme probleminin d\u0131\u015far\u0131dan de\u011fil, i\u00e7eriden kaynakland\u0131\u011f\u0131n\u0131 belirtmi\u015fti. Nebi \u201cinsanlar s\u00f6m\u00fcr\u00fclebilir oldu\u011fundan s\u00f6m\u00fcrgele\u015ftirilir\u201d der. Bizde buradan hareketle, ter\u00f6r konusunda her su\u00e7u bat\u0131ya atmak yerine i\u00e7imizdeki gen\u00e7lerin neden bat\u0131 ter\u00f6r\u00fcn\u00fcn ta\u015feronu haline geldi\u011fini iyi analiz etmemiz gerekiyor. Bunu da \u201cTer\u00f6rize edilebilirlik\u201d kavram\u0131 \u00fczerinden a\u00e7\u0131klayabiliriz.<\/p>\n<p>Son y\u00fczy\u0131lda, Bat\u0131 taraf\u0131ndan \u0130slami de\u011ferlere kar\u015f\u0131 y\u00fcr\u00fct\u00fclen k\u00fclt\u00fcrel sava\u015fta, k\u00fclt\u00fcr\u00fcm\u00fcz o kadar \u00e7arp\u0131t\u0131ld\u0131 ve bozuldu ki tamamen mutasyona u\u011fram\u0131\u015f bir ucube halini alm\u0131\u015f durumda. DA\u0130\u015e ter\u00f6r \u00f6rg\u00fct\u00fc bu ucube halin bir tezah\u00fcr\u00fcd\u00fcr. Bat\u0131n\u0131n kendi ter\u00f6r\u00fcne \u0130slam k\u0131l\u0131f\u0131 giydirerek \u00fcretti\u011fi klonlanm\u0131\u015f bir yarat\u0131kt\u0131r. Bat\u0131n\u0131n ve ge\u00e7en as\u0131rdaki solun taktiklerini kullanan yeni s\u00f6zde M\u00fcsl\u00fcman \u00f6rg\u00fctler, \u00f6fke ve kin ile hareket ederek bat\u0131n\u0131n b\u00f6lgedeki bir\u00e7ok emelini me\u015frula\u015ft\u0131rmaktad\u0131rlar.<\/p>\n<p>Oysa ki, t\u00fcm d\u00fcnya bilir ki, d\u00fcnyaya sava\u015f hukukunu M\u00fcsl\u00fcmanlar cihad ile \u00f6\u011fretti. BM dahil uluslararas\u0131 kurumlar\u0131n \u00e7o\u011fu M\u00fcsl\u00fcmanlar\u0131n d\u00fcnyaya sava\u015f hukukunu \u00f6\u011fretti\u011fi hakikatini ikrar eder. Ge\u00e7en as\u0131rda Cezayir\u2019de Abdulkadir Cezairi, Fas\u2019ta Abd\u00fclkerim el-Hattabi, Libya\u2019da \u00d6mer Muhtar, Filistin\u2019de \u0130zzettin Kassam, Kafkaslar\u2019da \u015eeyh \u015eamil vb bir\u00e7ok direni\u015f lideri emperyalizm ile nas\u0131l m\u00fccadele edilece\u011fini bize \u00f6\u011freten liderlerdi. \u0130slam, k\u0131yamete kadar cihad\u0131n var oldu\u011funu s\u00f6yler. Ancak sava\u015fta sivillerin ne \u015fartta olursa olsun \u00f6ld\u00fcr\u00fclmesine asla m\u00fcsaade etmez. \u0130ntihar sald\u0131r\u0131lar\u0131n\u0131 asla tasvip etmez. Zira \u0130slam, ne k\u0131l\u0131\u00e7 dinidir ne de teslimiyet. \u0130slam, bar\u0131\u015f ve sava\u015fta da adaleti g\u00f6zetir.<\/p>\n<p>Sonu\u00e7 olarak, Bat\u0131\u2019n\u0131n bug\u00fcn \u00fcretti\u011fi bu ucube ter\u00f6r\u00fcn bizim zaaflar\u0131m\u0131za bina ederek yapt\u0131\u011f\u0131 \u00e7al\u0131\u015fmalar-projeler oldu\u011funu da unutmayal\u0131m. \u0130slam d\u00fcnyas\u0131ndaki i\u015fgaller, diktat\u00f6r rejimler, her g\u00fcn ya\u015fanan onlarca katliam ve bunun \u00fczerine cehalet, fakirlik, ayr\u0131l\u0131klar, \u015fiddet e\u011filimini de y\u00fckledi\u011finizde DA\u0130\u015e ter\u00f6r \u00f6rg\u00fct\u00fcn\u00fcn nas\u0131l adam dev\u015firdi\u011fi \u00e7ok rahatl\u0131kla g\u00f6rebilirsiniz.<\/p>\n","protected":false},"excerpt":{"rendered":"TER\u00d6RLE \u0130LE TERB\u0130YE ED\u0130LEN CO\u011eRAFYAMIZ 21. Y\u00dcZYIL NEDEN \u201cTER\u00d6R\u0130ZM Y\u00dcZYILI\u201d \u0130LAN ED\u0130LD\u0130? \u0130stanbul\u2019dan Paris\u2019e, Cakarta\u2019dan Tanca\u2019ya co\u011frafyam\u0131z ve d\u00fcnyam\u0131z ter\u00f6r\u00fcn [&hellip;]","protected":false},"author":2,"featured_media":213,"comment_status":"open","ping_status":"open","sticky":false,"template":"","format":"standard","meta":{"footnotes":""},"categories":[4,11],"tags":[],"class_list":["post-212","post","type-post","status-publish","format-standard","has-post-thumbnail","hentry","category-fikriyyat","category-yazilar"],"_links":{"self":[{"href":"https:\/\/turankislakci.com\/tr\/wp-json\/wp\/v2\/posts\/212","targetHints":{"allow":["GET"]}}],"collection":[{"href":"https:\/\/turankislakci.com\/tr\/wp-json\/wp\/v2\/posts"}],"about":[{"href":"https:\/\/turankislakci.com\/tr\/wp-json\/wp\/v2\/types\/post"}],"author":[{"embeddable":true,"href":"https:\/\/turankislakci.com\/tr\/wp-json\/wp\/v2\/users\/2"}],"replies":[{"embeddable":true,"href":"https:\/\/turankislakci.com\/tr\/wp-json\/wp\/v2\/comments?post=212"}],"version-history":[{"count":1,"href":"https:\/\/turankislakci.com\/tr\/wp-json\/wp\/v2\/posts\/212\/revisions"}],"predecessor-version":[{"id":214,"href":"https:\/\/turankislakci.com\/tr\/wp-json\/wp\/v2\/posts\/212\/revisions\/214"}],"wp:featuredmedia":[{"embeddable":true,"href":"https:\/\/turankislakci.com\/tr\/wp-json\/wp\/v2\/media\/213"}],"wp:attachment":[{"href":"https:\/\/turankislakci.com\/tr\/wp-json\/wp\/v2\/media?parent=212"}],"wp:term":[{"taxonomy":"category","embeddable":true,"href":"https:\/\/turankislakci.com\/tr\/wp-json\/wp\/v2\/categories?post=212"},{"taxonomy":"post_tag","embeddable":true,"href":"https:\/\/turankislakci.com\/tr\/wp-json\/wp\/v2\/tags?post=212"}],"curies":[{"name":"wp","href":"https:\/\/api.w.org\/{rel}","templated":true}]}}