{"id":182,"date":"2011-09-19T22:31:41","date_gmt":"2011-09-19T19:31:41","guid":{"rendered":"http:\/\/turankislakci.com\/tr\/?p=182"},"modified":"2018-02-11T22:35:21","modified_gmt":"2018-02-11T19:35:21","slug":"filistin-devletine-dogru-muhammed-ikbalden-tavsiyeler","status":"publish","type":"post","link":"https:\/\/turankislakci.com\/tr\/filistin-devletine-dogru-muhammed-ikbalden-tavsiyeler\/182","title":{"rendered":"Filistin devletine do\u011fru: Muhammed \u0130kbal&#8217;den tavsiyeler"},"content":{"rendered":"<p>Filistin\u2019in devlet olarak tan\u0131nmas\u0131na say\u0131l\u0131 g\u00fcnler kald\u0131. 120\u2019den fazla \u00fclke Filistin\u2019i tan\u0131maya haz\u0131rlan\u0131rken, b\u00f6lgede yine b\u00fcy\u00fck oyunlar oynan\u0131yor. Bu k\u0131\u015f \u00e7ok so\u011fuk ve uzun ge\u00e7ebilir. M\u00fcsl\u00fcman halklar ve devletler bu kez emperyalistlerin oyununa gelmeden \u00fcmmet bilinci i\u00e7inde Filistin meselesine sahip \u00e7\u0131kmas\u0131n\u0131 bilmelidir. Bunun i\u00e7in de yak\u0131n ge\u00e7mi\u015fi \u00e7ok iyi bilmemiz gerekiyor ki, bir daha ayn\u0131 delikten ikinci kez \u0131s\u0131r\u0131lmayal\u0131m.<\/p>\n<p>Filistin topraklar\u0131nda bir Siyonist devlet fikri 1917 y\u0131l\u0131nda \u201cBalfour Deklarasyonu\u201d ile ilk kez \u0130ngilizler taraf\u0131ndan ortaya at\u0131ld\u0131\u011f\u0131nda Hindistan\u2019dan Cezayir\u2019e t\u00fcm \u0130slam d\u00fcnyas\u0131 bu d\u00fc\u015f\u00fcnceye sert tepki vermi\u015f ve M\u00fcsl\u00fcman d\u00fc\u015f\u00fcn\u00fcrler \u0130ngilizleri k\u0131nayan yaz\u0131lar kaleme alm\u0131\u015flard\u0131. \u00c7\u00fcnk\u00fc \u0130slam \u00fcmmeti Filistin\u2019i tamamen M\u00fcsl\u00fcmanlar\u0131n bir meselesi olarak g\u00f6r\u00fcyordu. \u0130ngilizler de diasporadan binlerce y\u0131l sonra kurduklar\u0131 \u201cKat\u0131r Birli\u011fi\u201d ile kendilerine \u00c7anakkale ba\u015fta olmak \u00fczere bir\u00e7ok cephede Osmanl\u0131\u2019ya kar\u015f\u0131 destek veren Siyonistlere verdi\u011fi devlet vaadinden vazge\u00e7medi.<\/p>\n<p>\u0130ngiltere Ulusal Birli\u011fi Ba\u015fkan\u0131 Matmazel Margaret Farquharson\u2019un 1937 y\u0131l\u0131nda Siyonistler lehine ve Filistinliler aleyhine yay\u0131mlad\u0131\u011f\u0131 bir rapor, hasta yata\u011f\u0131nda olan \u00fcnl\u00fc M\u00fcsl\u00fcman d\u00fc\u015f\u00fcn\u00fcr ve \u015fair Muhammed \u0130kbal\u2019i \u00e7ileden \u00e7\u0131karm\u0131\u015ft\u0131. \u0130kbal vefat\u0131ndan birka\u00e7 ay \u00f6nce bayan Farquharson\u2019a yazd\u0131\u011f\u0131 mektupta, \u201cFilistin, Araplar bu topraklara sahip olmadan \u00e7ok uzun zaman \u00f6nce buralar\u0131 kendi \u00f6zg\u00fcr iradeleriyle terk eden Yahudilere de ait de\u011fildir. Siyonizm de dini bir hareket de\u011fildir. Do\u011frusu bir hareket olarak siyonizmin Yahudilere bir vatan kurmak i\u00e7in de\u011fil de, \u0130ngiliz emperyalizmine Akdeniz havzas\u0131nda zemin sa\u011flamak amac\u0131yla kurulmu\u015f oldu\u011fudur\u201d dedi.<\/p>\n<p>Filistin meselesinin M\u00fcsl\u00fcman devlet adamlar\u0131n\u0131n y\u00fczle\u015fmesi gereken hem dini hem de siyasi a\u00e7\u0131dan \u00f6ncelikle bir uluslararas\u0131 sorun oldu\u011funu belirten \u0130kbal, M\u00fcsl\u00fcmanlar\u0131 o d\u00f6nemler Cemiyeti Akvam (Milletler Cemiyeti) olarak adland\u0131r\u0131lan bug\u00fcn\u00fcn Birle\u015fmi\u015f Milletleri\u2019ne kar\u015f\u0131 uyan\u0131k olmaya \u00e7a\u011f\u0131r\u0131yordu. Milletler Cemiyeti\u2019nin Anglo-Frans\u0131z ve \u201cs\u00f6zde\u201d bir kurulu\u015f oldu\u011funa i\u015faret eden \u0130kbal, bu kurulu\u015fun Siyonistlere Filistin topraklar\u0131nda bir devlet tan\u0131mas\u0131 halinde M\u00fcsl\u00fcmanlar ba\u015fta olmak \u00fczere do\u011fu milletlerinin kendi \u201cMilletler Cemiyeti\u201dni kurmalar\u0131n\u0131 \u00f6nerdi. \u0130kbal, yeni Milletler Cemiyeti\u2019nin merkezinin de \u0130stanbul veya Tahran olmas\u0131n\u0131 tavsiye ediyordu.<\/p>\n<p>Mektubunda, emperyalistlerin y\u0131llard\u0131r \u0130slam co\u011frafyas\u0131nda s\u00fcrd\u00fcrd\u00fckleri ucuz oyunlara dikkat \u00e7eken \u0130kbal, \u201cYahudilere m\u00fcnbit, Araplara ise da\u011fl\u0131k \u00e7\u00f6llerden bir par\u00e7a toprak ve para verme teklifi, Araplar\u0131n politik tavr\u0131 terk etmelerine sebep olmu\u015ftur\u201d diye yazd\u0131. Yak\u0131n Do\u011fu (bug\u00fcnk\u00fc Ortado\u011fu)\u2019da neler olup bitti\u011fini anlayan herkes Filistinlilere yap\u0131lan haks\u0131zl\u0131\u011f\u0131 ikrar edecektir diyen Muhammed \u0130kbal, bat\u0131l\u0131 devletleri Araplar\u0131n onurlar\u0131n\u0131 zedeleyen davran\u0131\u015flardan uzak durmalar\u0131n\u0131 \u00f6\u011f\u00fctledi ve bu oyunlar\u0131n\u0131 s\u00fcrd\u00fcrmeleri halinde kendi mezarlar\u0131n\u0131 kazacaklar\u0131n\u0131 kaydetti.<\/p>\n<p>Muhammed \u0130kbal mektubunda M\u00fcsl\u00fcman devletleri de Ortado\u011fu\u2019da oynanan oyunlar konusunda uyan\u0131k olmaya davet eder ve bundan ders \u00e7\u0131karmalar\u0131 konusunda tavsiyede bulunduktan sonra da son olarak \u015funlar\u0131 not d\u00fc\u015fer, \u201cYa\u015fananlar \u00e7ok a\u00e7\u0131k \u015fekilde g\u00f6stermi\u015ftir ki, Yak\u0131n Do\u011fu\u2019daki halklar\u0131n siyasi birli\u011fi, T\u00fcrklerin ve Araplar\u0131n yeniden bir araya gelmesine ba\u011fl\u0131d\u0131r. T\u00fcrkleri, M\u00fcsl\u00fcman d\u00fcnyadan uzak tutma politikas\u0131 h\u00e2l\u00e2 uygulanmaktad\u0131r. T\u00fcrklerin \u0130slamiyet\u2019ten \u00e7\u0131kt\u0131klar\u0131n\u0131 o zaman da duyard\u0131k; \u015fimdi de duyuyoruz. Bundan daha b\u00fcy\u00fck bir yalan yoktur. Bu \u015feytani propagandan\u0131n a\u011f\u0131na ancak, \u0130slam hukukunun ge\u00e7mi\u015fi hakk\u0131nda hi\u00e7bir fikri olmayanlar d\u00fc\u015fer. Dini bilin\u00e7leriyle Asya milletlerini birle\u015ftirerek \u0130slam\u2019\u0131n yay\u0131lmas\u0131n\u0131 sa\u011flayan Araplar, T\u00fcrklerin b\u00f6lgeden \u00e7ekildikten sonra ba\u015flar\u0131na gelenleri asla unutmamal\u0131d\u0131r.\u201d<\/p>\n<p>Muhammed \u0130kbal ba\u015fta olmak \u00fczere d\u00fcnyan\u0131n d\u00f6rt bir yan\u0131nda M\u00fcsl\u00fcman d\u00fc\u015f\u00fcn\u00fcrlerin uyar\u0131lar\u0131na ra\u011fmen yeni yeni do\u011fmakta ve toparlanmakta olan M\u00fcsl\u00fcman \u00fclkeler, Filistin topraklar\u0131nda bir Siyonist devletin kurulmas\u0131na engel olamad\u0131 ve 1947 y\u0131l\u0131nda BM taraf\u0131ndan \u0130srail devletinin kurulmas\u0131 kararla\u015ft\u0131r\u0131ld\u0131.<\/p>\n","protected":false},"excerpt":{"rendered":"Filistin\u2019in devlet olarak tan\u0131nmas\u0131na say\u0131l\u0131 g\u00fcnler kald\u0131. 120\u2019den fazla \u00fclke Filistin\u2019i tan\u0131maya haz\u0131rlan\u0131rken, b\u00f6lgede yine b\u00fcy\u00fck oyunlar oynan\u0131yor. Bu k\u0131\u015f [&hellip;]","protected":false},"author":2,"featured_media":183,"comment_status":"open","ping_status":"open","sticky":false,"template":"","format":"standard","meta":{"footnotes":""},"categories":[4,11],"tags":[],"class_list":["post-182","post","type-post","status-publish","format-standard","has-post-thumbnail","hentry","category-fikriyyat","category-yazilar"],"_links":{"self":[{"href":"https:\/\/turankislakci.com\/tr\/wp-json\/wp\/v2\/posts\/182","targetHints":{"allow":["GET"]}}],"collection":[{"href":"https:\/\/turankislakci.com\/tr\/wp-json\/wp\/v2\/posts"}],"about":[{"href":"https:\/\/turankislakci.com\/tr\/wp-json\/wp\/v2\/types\/post"}],"author":[{"embeddable":true,"href":"https:\/\/turankislakci.com\/tr\/wp-json\/wp\/v2\/users\/2"}],"replies":[{"embeddable":true,"href":"https:\/\/turankislakci.com\/tr\/wp-json\/wp\/v2\/comments?post=182"}],"version-history":[{"count":1,"href":"https:\/\/turankislakci.com\/tr\/wp-json\/wp\/v2\/posts\/182\/revisions"}],"predecessor-version":[{"id":184,"href":"https:\/\/turankislakci.com\/tr\/wp-json\/wp\/v2\/posts\/182\/revisions\/184"}],"wp:featuredmedia":[{"embeddable":true,"href":"https:\/\/turankislakci.com\/tr\/wp-json\/wp\/v2\/media\/183"}],"wp:attachment":[{"href":"https:\/\/turankislakci.com\/tr\/wp-json\/wp\/v2\/media?parent=182"}],"wp:term":[{"taxonomy":"category","embeddable":true,"href":"https:\/\/turankislakci.com\/tr\/wp-json\/wp\/v2\/categories?post=182"},{"taxonomy":"post_tag","embeddable":true,"href":"https:\/\/turankislakci.com\/tr\/wp-json\/wp\/v2\/tags?post=182"}],"curies":[{"name":"wp","href":"https:\/\/api.w.org\/{rel}","templated":true}]}}