{"id":179,"date":"2011-08-30T22:30:25","date_gmt":"2011-08-30T19:30:25","guid":{"rendered":"http:\/\/turankislakci.com\/tr\/?p=179"},"modified":"2018-02-11T22:31:28","modified_gmt":"2018-02-11T19:31:28","slug":"yeni-bir-fecrin-habercisi-bayramlar","status":"publish","type":"post","link":"https:\/\/turankislakci.com\/tr\/yeni-bir-fecrin-habercisi-bayramlar\/179","title":{"rendered":"Yeni bir fecrin habercisi bayramlar"},"content":{"rendered":"<p>\u00d6ts\u00fcn ku\u015flar, par\u0131ldas\u0131n y\u0131ld\u0131zlar, \u00e7a\u011flas\u0131n \u015felaleler, k\u0131p\u0131rdas\u0131n yapraklar, essin nesim r\u00fczg\u00e2rlar\u0131 ve \u00e7i\u011fle raksetsin g\u00fcn \u0131\u015f\u0131nlar\u0131\u2026 Bug\u00fcn bayram\u2026 Bug\u00fcn yeni bir fecrin do\u011fum sanc\u0131lar\u0131n\u0131 izhar eden ba\u015fka bir boyut\u2026<\/p>\n<p>Bu d\u00f6nemler, be\u015feriyeti bir zamandan ba\u015fka zamana ge\u00e7ici bir m\u00fcddet de olsa g\u00f6t\u00fcrmek i\u00e7in her y\u0131l bir iki kez r\u00fbcu eder. Tabii ray\u0131ndan \u00e7\u0131km\u0131\u015f olan hayat\u0131 bize g\u00f6stermek, insanl\u0131\u011fa uhuvvet, esenlik ve s\u00fcrur gibi unuttu\u011fu de\u011ferleri hat\u0131rlatmak i\u00e7in ko\u015farcas\u0131na gelir\u2026 Bug\u00fcn bir \u00e7ocuk gibi \u015fenlenir herkes\u2026 T\u0131pk\u0131 yeniden do\u011fmu\u015f\u00e7as\u0131na\u2026<\/p>\n<p>Bug\u00fcn hayat\u0131n oldu\u011fu gibi iman\u0131n tad\u0131n\u0131 ve taam\u0131n\u0131 yeniden tecdid ederiz. Bedene intikal yeni haleti ruhiye d\u0131\u015f\u0131m\u0131za libas\u0131m\u0131zla akseder. Hakk\u2019a kullu\u011fun, kullukta \u015fu\u00fbrun g\u00f6n\u00fcllerimizi y\u00fckseltmi\u015f bulundu\u011fu zirvelerden y\u00fcr\u00fcd\u00fc\u011f\u00fcm\u00fcz yolu seyreder ve talihimize tebess\u00fcmler ya\u011fd\u0131r\u0131r\u0131z. Bu mazhariyet ve mevhibelerin tad\u0131, lezzeti ruhlar\u0131m\u0131z\u0131 o kadar yumu\u015fak\u00e7a sarar ki, g\u00f6zlerimiz \u015f\u00fckranla a\u00e7\u0131l\u0131r-kapan\u0131r, duygular\u0131m\u0131z baharlar gibi ye\u015ferir\u2026<\/p>\n<p>Evler, caddeler, da\u011flar, ta\u015flar, ibadethaneler te\u015frik tekbirleriyle lerzeye gelir inlerler. G\u00fcr\u00fcl g\u00fcr\u00fcl tekbir nidalar\u0131 her yanda yank\u0131lan\u0131r\u2026<\/p>\n<p>Haydin yeniden y\u00fckseltelim y\u00fcce niday\u0131; Allahu ekber, Allahu ekber. La ilahe illallahu vallahu ekber. Allahu ekber ve lillahil-hamd\u2026<\/p>\n<p>Bayram\u0131n\u0131z m\u00fcbarek olsun\u2026<\/p>\n","protected":false},"excerpt":{"rendered":"\u00d6ts\u00fcn ku\u015flar, par\u0131ldas\u0131n y\u0131ld\u0131zlar, \u00e7a\u011flas\u0131n \u015felaleler, k\u0131p\u0131rdas\u0131n yapraklar, essin nesim r\u00fczg\u00e2rlar\u0131 ve \u00e7i\u011fle raksetsin g\u00fcn \u0131\u015f\u0131nlar\u0131\u2026 Bug\u00fcn bayram\u2026 Bug\u00fcn yeni [&hellip;]","protected":false},"author":2,"featured_media":180,"comment_status":"open","ping_status":"open","sticky":false,"template":"","format":"standard","meta":{"footnotes":""},"categories":[5,11],"tags":[],"class_list":["post-179","post","type-post","status-publish","format-standard","has-post-thumbnail","hentry","category-edebiyat","category-yazilar"],"_links":{"self":[{"href":"https:\/\/turankislakci.com\/tr\/wp-json\/wp\/v2\/posts\/179","targetHints":{"allow":["GET"]}}],"collection":[{"href":"https:\/\/turankislakci.com\/tr\/wp-json\/wp\/v2\/posts"}],"about":[{"href":"https:\/\/turankislakci.com\/tr\/wp-json\/wp\/v2\/types\/post"}],"author":[{"embeddable":true,"href":"https:\/\/turankislakci.com\/tr\/wp-json\/wp\/v2\/users\/2"}],"replies":[{"embeddable":true,"href":"https:\/\/turankislakci.com\/tr\/wp-json\/wp\/v2\/comments?post=179"}],"version-history":[{"count":1,"href":"https:\/\/turankislakci.com\/tr\/wp-json\/wp\/v2\/posts\/179\/revisions"}],"predecessor-version":[{"id":181,"href":"https:\/\/turankislakci.com\/tr\/wp-json\/wp\/v2\/posts\/179\/revisions\/181"}],"wp:featuredmedia":[{"embeddable":true,"href":"https:\/\/turankislakci.com\/tr\/wp-json\/wp\/v2\/media\/180"}],"wp:attachment":[{"href":"https:\/\/turankislakci.com\/tr\/wp-json\/wp\/v2\/media?parent=179"}],"wp:term":[{"taxonomy":"category","embeddable":true,"href":"https:\/\/turankislakci.com\/tr\/wp-json\/wp\/v2\/categories?post=179"},{"taxonomy":"post_tag","embeddable":true,"href":"https:\/\/turankislakci.com\/tr\/wp-json\/wp\/v2\/tags?post=179"}],"curies":[{"name":"wp","href":"https:\/\/api.w.org\/{rel}","templated":true}]}}