{"id":131,"date":"2010-10-01T21:48:51","date_gmt":"2010-10-01T18:48:51","guid":{"rendered":"http:\/\/turankislakci.com\/tr\/?p=131"},"modified":"2018-02-11T21:51:59","modified_gmt":"2018-02-11T18:51:59","slug":"turkiyeden-filistine-giden-ilk-gonulluler","status":"publish","type":"post","link":"https:\/\/turankislakci.com\/tr\/turkiyeden-filistine-giden-ilk-gonulluler\/131","title":{"rendered":"T\u00fcrkiye\u2019den Filistin\u2019e giden ilk g\u00f6n\u00fcll\u00fcler"},"content":{"rendered":"<p>Filistin davas\u0131 sadece Filistinlilerin de\u011fil t\u00fcm d\u00fcnya M\u00fcsl\u00fcmanlar\u0131n\u0131n ortak davas\u0131d\u0131r. \u00c7\u00fcnk\u00fc Mekke ve Medine\u2019den sonra M\u00fcsl\u00fcmanlar\u0131n \u00fc\u00e7\u00fcnc\u00fc kutsal \u015fehri oras\u0131d\u0131r. M\u00fcsl\u00fcmanlar\u0131n ilk k\u0131blesi olan Mescidi Aksa o topraklardad\u0131r. Hz. Peygamberin gece y\u00fcr\u00fcy\u00fc\u015f\u00fc d\u00fczenledi\u011fi \u0130sra ve Mira\u00e7\u2019a y\u00fckseldi\u011fi \u015fehir o co\u011frafyadad\u0131r. O m\u00fcbarek belde y\u00fcce Allah\u2019\u0131n etraf\u0131n\u0131 bereketli k\u0131ld\u0131\u011f\u0131 topraklard\u0131r ve peygamberlerin bulu\u015fma noktas\u0131d\u0131r\u2026 Oras\u0131 Beyt\u00fc\u2019l Makdis\u2019dir\u2026<\/p>\n<p>Y\u00fcce Allah Kur\u2019an-\u0131 Kerim\u2019de m\u00fc\u2019min kullar\u0131na o kutlu topraklar\u0131n \u00f6nemini anlat\u0131r. Hz. Peygamber de o diyar\u0131n M\u00fcsl\u00fcmanlar\u0131n g\u00f6nl\u00fcndeki yerine i\u015faret eder\u2026 Onun i\u00e7in Kud\u00fcs\u2019\u00fc, Mescidi Aksa\u2019y\u0131 ve Filistin\u2019i M\u00fcsl\u00fcmanlar\u0131n kalplerinden ve zihinlerinden tutup atmak \u00e7ok m\u00fc\u015fkildir. Bu ruh k\u0131yamete kadar hep b\u00f6yle baki kalacakt\u0131r\u2026 \u00c7\u00fcnk\u00fc y\u00fcce Rab ve \u0130lah bunu istiyor\u2026<\/p>\n<p>\u0130\u015fte Hz. \u00d6mer\u2019i, Selahaddin Eyyubi\u2019yi o topraklara s\u00fcr\u00fckleyen ruh budur. Osmanl\u0131 bu ruh sayesinde o hinterland\u0131 muhafaza etmi\u015f ve bek\u00e7ili\u011fini yapm\u0131\u015ft\u0131r. Lakin Osmanl\u0131 oradan \u00e7ekildi\u011fi g\u00fcnden beri Endonezya\u2019dan Fas\u2019a, Hindistan\u2019dan Yemen\u2019e, Balkanlar\u2019dan Kafkaslara M\u00fc\u2019minler ilk k\u0131bleleri Aksa i\u00e7in g\u00f6zya\u015f\u0131 d\u00f6kmektedirler\u2026 Hem de \u00fc\u00e7 as\u0131rd\u0131r\u2026<\/p>\n<p>T\u00fcrkiyeli M\u00fcsl\u00fcmanlar da ya\u015fad\u0131klar\u0131 onca drama ra\u011fmen Osmanl\u0131 miras\u0131 Filistin\u2019i unutmad\u0131lar ve unutmayacaklar. \u00c7\u00fcnk\u00fc I. D\u00fcnya Harbi\u2019nde d\u00f6rt bir yandan ku\u015fat\u0131lan Osmanl\u0131, zorunlu olarak o m\u00fcbarek topraklar\u0131 terk etmek zorunda kald\u0131. Geri d\u00f6nen Osmanl\u0131 erlerinin ve o diyarda kalan Osmanl\u0131 evlatlar\u0131n\u0131n kalplerinde Filistin ruhu h\u00e2l\u00e2 ya\u015famaya devam ediyor\u2026<\/p>\n<p>20\u2019li, 30\u2019lu ve 40\u2019l\u0131 y\u0131llarda d\u00fcnyan\u0131n her yerindeki M\u00fcsl\u00fcmanlar\u0131n g\u00f6nl\u00fcnde, d\u00fcnyada ya\u015fanan onca \u00e7etin \u015farta ra\u011fmen, Filistin a\u015fk\u0131 tutu\u015fmaya devam ediyordu. Hindistan\u2019da, M\u0131s\u0131r\u2019da, Arabistan\u2019da ve Suriye\u2019de Filistin i\u00e7in toplant\u0131lar d\u00fczenleniyor ve yard\u0131mlar toplan\u0131yordu. 1920-1960 y\u0131llar\u0131 aras\u0131nda Filistin, M\u0131s\u0131r, Suudi Arabistan, Hindistan, Pakistan, Yemen, Fas, \u0130ran, Cezayir ve T\u00fcrkiye&#8217;de 50&#8217;ye yak\u0131n Filistinle ilgili uluslararas\u0131 toplant\u0131 d\u00fczenlendi. Kud\u00fcs ve Filistin i\u00e7in d\u00fcnyan\u0131n bir\u00e7ok yerinde cemiyetler ve vak\u0131flar kuruldu. Bu toplant\u0131lar\u0131n ba\u015f\u0131n\u0131 \u00c7anakkale&#8217;de sava\u015fm\u0131\u015f ve Te\u015fkilat-\u0131 Mahsusa \u00fcyesi oldu\u011fu belirten Filistin&#8217;in efsanevi lideri Hac\u0131 Emin el-H\u00fcseyni \u00e7ekiyordu. Ayr\u0131ca bu toplant\u0131lar\u0131n hemen hepsine T\u00fcrkiye&#8217;den \u0130slamc\u0131lar\u0131 temsilen baz\u0131m isimler i\u015ftirak etti.<\/p>\n<p>T\u00fcrkiye\u2019deki M\u00fcsl\u00fcmanlar, ya\u015fad\u0131klar\u0131 bunca b\u00fcy\u00fck de\u011fi\u015fime ra\u011fmen Filistin davas\u0131n\u0131 asla unutmad\u0131. Filistinlilere uzatt\u0131klar\u0131 maddi ve manevi deste\u011fi bug\u00fcn oldu\u011fu gibi ge\u00e7mi\u015fte de katiyen b\u0131rakmad\u0131lar. Siyonist uydurmacas\u0131; &#8220;Filistinliler arkadan vurdu&#8221; hik\u00e2yesine de zinhar inanmad\u0131 M\u00fc\u2019min g\u00f6n\u00fcller\u2026<\/p>\n<p>30\u2019lu y\u0131llarda i\u015fgalci \u0130ngilizler taraf\u0131ndan \u00f6l\u00fcm ferman\u0131 verilen Filistin\u2019in efsanevi lideri Hac\u0131 Emin el-H\u00fcseyin\u2019i gizlice gelip T\u00fcrkiye\u2019ye s\u0131\u011f\u0131nm\u0131\u015f ve birka\u00e7 y\u0131l Fatih\u2019te ikamet etmi\u015fti. T\u00fcrkiyeli M\u00fcsl\u00fcmanlar, onu korumay\u0131 b\u00fcy\u00fck bir vazife biliyorlard\u0131. Ancak \u0130ngilizlerin olay\u0131n fark\u0131na varmas\u0131n\u0131n ard\u0131ndan T\u00fcrkiye\u2019deki M\u00fcsl\u00fcmanlar\u0131n da yard\u0131m\u0131yla \u0130talya \u00fczerinden Almanya\u2019ya ka\u00e7mak zorunda kald\u0131.<\/p>\n<p>Filistinli \u00fcnl\u00fc \u00e2lim \u0130zzettin el-Kassam da el-Ezher\u2019den mezun olduktan sonra \u0130stanbul a\u015fk\u0131yla yollara d\u00fc\u015ft\u00fc. Ancak \u0130ngilizlerin do\u011fdu\u011fu topraklarda M\u00fcsl\u00fcman kan\u0131 ak\u0131tmaya ba\u015flad\u0131klar\u0131n\u0131 duyunca 20\u2019li y\u0131llar\u0131n ba\u015f\u0131nda bir y\u0131l Adana\u2019da imaml\u0131k yapt\u0131ktan sonra yolculu\u011funu yar\u0131dan kesti ve Kud\u00fcs\u2019e r\u00fcc\u00fb etti. Bug\u00fcn Filistinli direni\u015f hareketleri, i\u015fgalci \u0130ngiliz g\u00fc\u00e7lerine k\u00f6k s\u00f6kt\u00fcren bu alimin ad\u0131n\u0131 halen ya\u015fatmaktad\u0131rlar. &#8220;Kassam Tugaylar\u0131&#8221; ad\u0131n\u0131 buradan almaktad\u0131r.<\/p>\n<p>Yine Filistin\u2019in y\u0131lmaz kalemi Dr. \u0130zzet Derveze hakk\u0131nda \u0130ngilizler tutuklama emri \u00e7\u0131kar\u0131nca, o da 1941 y\u0131l\u0131nda gizlice Kilis \u00fczerinden baz\u0131 dostlar\u0131yla birlikte \u0130stanbul\u2019a yerle\u015fti. Derveze, 1945 sonbahar\u0131na kadar siyasi m\u00fccadelesini ve yazarl\u0131k faaliyetlerini T\u00fcrkiye\u2019den s\u00fcrd\u00fcrmek zorunda kald\u0131. Derveze, T\u00fcrkiye&#8217;de bulundu\u011fu d\u00f6nemde de ona T\u00fcrkiyeli M\u00fcsl\u00fcmanlar sahip \u00e7\u0131kt\u0131.<\/p>\n<p>T\u00fcrkiyeli M\u00fcsl\u00fcmanlar Filistinli liderlere en zor \u015fartlarda sahip \u00e7\u0131kt\u0131\u011f\u0131 gibi onlar\u0131n davas\u0131na maddi ve manevi destek vermeyi de hi\u00e7 ihmal etmedi&#8230;<\/p>\n<p>Birle\u015fmi\u015f Milletler 1947 y\u0131l\u0131nda Filistin\u2019i taksim karar\u0131 vermesi \u00fczerine Filistin b\u00f6lgesinde \u00e7at\u0131\u015fmalar ba\u015flad\u0131. Taksimi (b\u00f6l\u00fcnmeyi) kabul etmeyen M\u00fcsl\u00fcmanlar ile Siyonist ve bat\u0131l\u0131 g\u00fc\u00e7ler aras\u0131nda sava\u015f ba\u015flad\u0131. O tarihlerde d\u00fcnyan\u0131n her yerinden M\u00fcsl\u00fcman g\u00f6n\u00fcll\u00fcler, Filistinli karde\u015flerine yard\u0131m etmek i\u00e7in Kud\u00fcs\u2019e ak\u0131n ediyorlard\u0131&#8230;<\/p>\n<p>Kimler yoktu ki! O d\u00f6nem g\u00f6n\u00fcll\u00fcler i\u00e7erisinde. M\u0131s\u0131r\u2019dan Hasan el-Benna, Seyyid Kutup, Suriye\u2019den Mustafa S\u0131bai, Pakistan&#8217;dan Mevdudi, \u0130ran\u2019dan Nevab Safevi gibi \u0130slam d\u00fcnyas\u0131n\u0131n tan\u0131nm\u0131\u015f bir\u00e7ok ismi\u2026 Irak\u2019tan, Hindistan\u2019dan, Endonezya\u2019dan, Yemen\u2019den, Libya\u2019dan ve Sudan\u2019dan Filistin\u2019e ak\u0131yordu herkes\u2026<\/p>\n<p>T\u00fcm \u0130slam \u00fclkelerinde g\u00f6n\u00fcll\u00fcler cihad i\u00e7in Filistin\u2019e gider de T\u00fcrkiye\u2019den olmaz m\u0131? Bilakis T\u00fcrkiye\u2019den onlarca hatta y\u00fczlerce ki\u015finin Kud\u00fcs\u2019e g\u00f6n\u00fcll\u00fc olarak gitti\u011fi biliyoruz. Ama bug\u00fcn elimizde bu g\u00f6n\u00fcll\u00fcler hakk\u0131nda maalesef pek detayl\u0131 bir bilgi yok. Ancak o g\u00f6n\u00fcll\u00fclerin oraya gitti\u011fine i\u015faret eden bug\u00fcn elimizde bir\u00e7ok yaz\u0131 ve makale var. Milli \u015fairimiz Mehmet Akif Ersoy\u2019un damad\u0131, cumhuriyet d\u00f6neminin ilk \u00f6nemli m\u00fctercimlerinden ve Demokrat Parti Konya milletvekili \u00d6mer R\u0131za Do\u011frul da o g\u00f6n\u00fcll\u00fcler aras\u0131nda bulunuyordu. \u00d6mer R\u0131za Do\u011frul, \u0130slam d\u00fcnyas\u0131n\u0131n olu\u015fturdu\u011fu g\u00f6n\u00fcll\u00fc ordulara kat\u0131lmak i\u00e7in May\u0131s 1948\u2019de Filistin cephesine gitti\u011fini kendisi kaleme al\u0131yor.<\/p>\n<p>Filistin davas\u0131n\u0131n \u00fcmmeti birle\u015ftirecek yeg\u00e2ne konulardan biri oldu\u011funa inanan Dr. \u00d6mer R\u0131za Do\u011frul, 1947 y\u0131l\u0131nda kendisinin \u00e7\u0131karm\u0131\u015f oldu\u011fu \u201cSelamet\u201d adl\u0131 dergide BM\u2019nin alm\u0131\u015f oldu\u011fu taksim karar\u0131n\u0131 da \u015f\u00f6yle de\u011ferlendiriyordu:<\/p>\n<p>\u201cKimin hesab\u0131na kimin mal\u0131n\u0131 veriyorlar? B\u00fct\u00fcn Filistin Arapl\u0131\u011f\u0131 ve \u0130sl\u00e2ml\u0131\u011f\u0131 bu projenin aleyhinde oldu\u011fu gibi b\u00fct\u00fcn Arap \u00e2lemi bu projeye kar\u015f\u0131 gelmekte, hatt\u00e2 bu u\u011furda harbetmeyi g\u00f6ze almaktad\u0131r. Filistin\u2019de ve Filistin\u2019in sahil boyunca bir Siyonist devlet kurulmas\u0131, \u0130sl\u00e2m \u00e2leminin en hassas noktalar\u0131n\u0131n birine bir yabanc\u0131n\u0131n sokulmas\u0131 ve \u0130sl\u00e2m \u00e2leminin mukadderat\u0131na tahakk\u00fcm etmeye kalk\u0131\u015fmas\u0131 demektir. Filistin\u2019de bir Siyonist devletin kurulmas\u0131, b\u00fct\u00fcn \u0130sl\u00e2m \u00e2leminin iktis\u00e2d\u00ee kalk\u0131nmas\u0131n\u0131 k\u00f6rletmek ve Siyonistlerin iktis\u00e2d\u00ee esaretine girmek gerekir. Bu y\u00fczden b\u00fct\u00fcn Arap ve \u0130sl\u00e2m \u00e2lemi, bu esareti kabul etmemekte birle\u015fmi\u015f ve b\u00fct\u00fcn \u0130sl\u00e2m devletleri, Filistin taksim projesini reddetmekte elbirli\u011fi yapm\u0131\u015flard\u0131r. Her \u015feyden \u00f6nce Filistin meselesinin belirtti\u011fi \u0130sl\u00e2m birli\u011fini ve \u0130sl\u00e2m \u00e2leminin tesan\u00fcd\u00fc alk\u0131\u015flamay\u0131 bir vazife say\u0131yoruz. Ya\u015fas\u0131n \u0130sl\u00e2m birli\u011fi!\u201d<\/p>\n<p>Bu arada, 1945 -1970 y\u0131llar\u0131 aras\u0131nda T\u00fcrkiye&#8217;de ne\u015fredilen Sebilurre\u015fad, \u0130slam D\u00fcnyas\u0131, Selamet, \u0130slam Mecmuas\u0131, \u0130slam Medeniyeti, Hilal vb. onlarca derginin ana konusunu da Filistin olu\u015fturuyordu. Bug\u00fcn k\u00fct\u00fcphanelerde bulunan o dergilerin t\u00fcm say\u0131lar\u0131na bakt\u0131\u011f\u0131n\u0131zda hemen hemen her say\u0131da Filistinle ilgili haberlerin, Filistinli liderler ve direni\u015f\u00e7ilerle yap\u0131lan r\u00f6portajlar g\u00f6receksiniz.<\/p>\n<p>60\u2019l\u0131 ve 70\u2019li y\u0131llarda da T\u00fcrkiye\u2019den Filistin davas\u0131na destek vermek i\u00e7in bir\u00e7ok ki\u015fi gitti. Bunlar\u0131n \u00e7o\u011fu bu d\u00f6nemde sol g\u00f6r\u00fc\u015fl\u00fc gruplardan olsa da yeni yeni v\u00fccut bulmaya ba\u015flayan dini gruplardan da insanlar\u0131n gitti\u011fini biliyoruz. Bu d\u00f6nemlerde Bat\u0131 Bloku ve Do\u011fu Sovyet Bloku&#8217;nun g\u00fc\u00e7lendi\u011fi, t\u00fcm M\u00fcsl\u00fcman \u00fclkelerde \u0130slami cemaatlerin zay\u0131flad\u0131\u011f\u0131 ve askeri bask\u0131yla yok edildi\u011fi d\u00f6nemlerdi.<\/p>\n<p>Fakat Atlas dergisinin \u00e7\u0131karm\u0131\u015f oldu\u011fu tarih dergisinin A\u011fustos say\u0131s\u0131nda b\u00fcy\u00fck Ortado\u011fu uzman\u0131 (!) Faik Bulut her zaman oldu\u011fu gibi tarihi ger\u00e7ekleri gizleyerek \u0130slamc\u0131 gruplar Filistin davas\u0131na ge\u00e7mi\u015fte sahip \u00e7\u0131kmad\u0131lar \u015fimdilerde sahip \u00e7\u0131k\u0131yorlar iddias\u0131nda bulunuyor ve bu yetmiyormu\u015f gibi Mavi Marmara gemisi olay\u0131n\u0131 da g\u00f6steri\u015flikle itham ediyor\u2026<\/p>\n<p>Faik Bulut\u2019a cevap vermek gerekiyor mu? Bilmiyorum. Fakat o da, bu toplumun bal\u0131k haf\u0131zal\u0131 olmad\u0131\u011f\u0131n\u0131 bilakis harf ink\u0131l\u00e2b\u0131ndan dolay\u0131 unutturuldu\u011fu tarihini bir g\u00fcn yeniden hat\u0131rlayaca\u011f\u0131n\u0131 ad\u0131 gibi biliyor.<\/p>\n<p>Onun i\u00e7in unutma ey Aurora Bulut\u2019u! Mavi Marmara bir destan yazd\u0131. Kadim efsaneler bug\u00fcn yeniden yaz\u0131lsa Mavi Marmara \u015fehidlerinin hik\u00e2yesi Manas destan\u0131n\u0131 ge\u00e7erdi ve kutsal kitaplar yeniden nazil olsa o kutlu insanlar\u0131n hik\u00e2yesi bir k\u0131ssa da an\u0131l\u0131rd\u0131. \u0130nan ki, k\u0131ssan\u0131n konusu da \u015fu olurdu; \u201c6 milyar insan\u0131n g\u00f6z\u00fc \u00f6n\u00fcnde k\u00fc\u00e7\u00fck bir b\u00f6lgeye hapsedilen \u00e7o\u011fu kad\u0131n ve \u00e7ocuklardan olan 1,5 milyon mazlum insana yard\u0131m i\u00e7in giden bir gemi ve bir avu\u00e7 insan\u0131n hik\u00e2yesi\u2026\u201d<\/p>\n","protected":false},"excerpt":{"rendered":"Filistin davas\u0131 sadece Filistinlilerin de\u011fil t\u00fcm d\u00fcnya M\u00fcsl\u00fcmanlar\u0131n\u0131n ortak davas\u0131d\u0131r. \u00c7\u00fcnk\u00fc Mekke ve Medine\u2019den sonra M\u00fcsl\u00fcmanlar\u0131n \u00fc\u00e7\u00fcnc\u00fc kutsal \u015fehri oras\u0131d\u0131r. [&hellip;]","protected":false},"author":2,"featured_media":132,"comment_status":"open","ping_status":"open","sticky":false,"template":"","format":"standard","meta":{"footnotes":""},"categories":[1,11],"tags":[],"class_list":["post-131","post","type-post","status-publish","format-standard","has-post-thumbnail","hentry","category-siyasetname","category-yazilar"],"_links":{"self":[{"href":"https:\/\/turankislakci.com\/tr\/wp-json\/wp\/v2\/posts\/131","targetHints":{"allow":["GET"]}}],"collection":[{"href":"https:\/\/turankislakci.com\/tr\/wp-json\/wp\/v2\/posts"}],"about":[{"href":"https:\/\/turankislakci.com\/tr\/wp-json\/wp\/v2\/types\/post"}],"author":[{"embeddable":true,"href":"https:\/\/turankislakci.com\/tr\/wp-json\/wp\/v2\/users\/2"}],"replies":[{"embeddable":true,"href":"https:\/\/turankislakci.com\/tr\/wp-json\/wp\/v2\/comments?post=131"}],"version-history":[{"count":1,"href":"https:\/\/turankislakci.com\/tr\/wp-json\/wp\/v2\/posts\/131\/revisions"}],"predecessor-version":[{"id":133,"href":"https:\/\/turankislakci.com\/tr\/wp-json\/wp\/v2\/posts\/131\/revisions\/133"}],"wp:featuredmedia":[{"embeddable":true,"href":"https:\/\/turankislakci.com\/tr\/wp-json\/wp\/v2\/media\/132"}],"wp:attachment":[{"href":"https:\/\/turankislakci.com\/tr\/wp-json\/wp\/v2\/media?parent=131"}],"wp:term":[{"taxonomy":"category","embeddable":true,"href":"https:\/\/turankislakci.com\/tr\/wp-json\/wp\/v2\/categories?post=131"},{"taxonomy":"post_tag","embeddable":true,"href":"https:\/\/turankislakci.com\/tr\/wp-json\/wp\/v2\/tags?post=131"}],"curies":[{"name":"wp","href":"https:\/\/api.w.org\/{rel}","templated":true}]}}